{"id":1950,"date":"2023-01-30T20:58:36","date_gmt":"2023-01-30T20:58:36","guid":{"rendered":"https:\/\/olympiquesspeciauxquebec.dev.gxi.co\/?p=1950"},"modified":"2023-03-20T20:11:11","modified_gmt":"2023-03-20T20:11:11","slug":"lionel-carmant-rencontre-olympiques-speciaux-quebec-et-assiste-a-un-match-unifie","status":"publish","type":"post","link":"https:\/\/olympiquesspeciauxquebec.dev.gxi.co\/en\/lionel-carmant-rencontre-olympiques-speciaux-quebec-et-assiste-a-un-match-unifie\/","title":{"rendered":"Lionel Carmant rencontre Olympiques sp\u00e9ciaux Qu\u00e9bec et assiste \u00e0 un match unifi\u00e9"},"content":{"rendered":"\t\t<div data-elementor-type=\"wp-post\" data-elementor-id=\"1950\" class=\"elementor elementor-1950 elementor-787\">\n\t\t\t\t\t\t\t\t\t<section class=\"elementor-section elementor-top-section elementor-element elementor-element-f7f9239 elementor-section-content-top elementor-section-full_width elementor-section-height-default elementor-section-height-default\" data-id=\"f7f9239\" data-element_type=\"section\" data-settings=\"{&quot;background_background&quot;:&quot;classic&quot;}\">\n\t\t\t\t\t\t<div class=\"elementor-container elementor-column-gap-default\">\n\t\t\t\t\t<div class=\"elementor-column elementor-col-50 elementor-top-column elementor-element elementor-element-3ca0906\" data-id=\"3ca0906\" data-element_type=\"column\">\n\t\t\t<div class=\"elementor-widget-wrap elementor-element-populated\">\n\t\t\t\t\t\t\t\t<div class=\"elementor-element elementor-element-7f8a631 elementor-widget elementor-widget-text-editor\" data-id=\"7f8a631\" data-element_type=\"widget\" data-widget_type=\"text-editor.default\">\n\t\t\t\t<div class=\"elementor-widget-container\">\n\t\t\t<style>\/*! elementor - v3.11.5 - 14-03-2023 *\/\n.elementor-widget-text-editor.elementor-drop-cap-view-stacked .elementor-drop-cap{background-color:#818a91;color:#fff}.elementor-widget-text-editor.elementor-drop-cap-view-framed .elementor-drop-cap{color:#818a91;border:3px solid;background-color:transparent}.elementor-widget-text-editor:not(.elementor-drop-cap-view-default) .elementor-drop-cap{margin-top:8px}.elementor-widget-text-editor:not(.elementor-drop-cap-view-default) .elementor-drop-cap-letter{width:1em;height:1em}.elementor-widget-text-editor .elementor-drop-cap{float:left;text-align:center;line-height:1;font-size:50px}.elementor-widget-text-editor .elementor-drop-cap-letter{display:inline-block}<\/style>\t\t\t\t<p><img decoding=\"async\" loading=\"lazy\" class=\"alignleft wp-image-729\" src=\"https:\/\/olympiquesspeciauxquebec.dev.gxi.co\/wp-content\/uploads\/2022\/05\/IMG_2540-300x200.jpg\" alt=\"\" width=\"460\" height=\"306\" srcset=\"https:\/\/olympiquesspeciauxquebec.dev.gxi.co\/wp-content\/uploads\/2022\/05\/IMG_2540-300x200.jpg 300w, https:\/\/olympiquesspeciauxquebec.dev.gxi.co\/wp-content\/uploads\/2022\/05\/IMG_2540-768x511.jpg 768w, https:\/\/olympiquesspeciauxquebec.dev.gxi.co\/wp-content\/uploads\/2022\/05\/IMG_2540.jpg 1000w\" sizes=\"(max-width: 460px) 100vw, 460px\" \/><\/p><p>Lionel Carmant, d\u00e9put\u00e9 de Taillon et ministre d\u00e9l\u00e9gu\u00e9 \u00e0 la Sant\u00e9 et aux Services sociaux du gouvernement du Qu\u00e9bec a assist\u00e9 \u00e0 une activit\u00e9 de soccer unifi\u00e9 ce jeudi au Stade TELUS-Universit\u00e9 Laval. C\u2019est 46 \u00e9tudiants de la Facult\u00e9 de m\u00e9decine dentaire de l\u2019Universit\u00e9 Laval et 46 athl\u00e8tes Olympiques sp\u00e9ciaux Qu\u00e9bec, provenant de la maison des adultes de Qu\u00e9bec et de l\u2019\u00e9quipe du Ph\u00e9nix des rivi\u00e8res, qui ont rivalis\u00e9 amicalement et dans la bonne humeur.<\/p><p>Ce match de soccer unifi\u00e9, organis\u00e9 par Olympiques sp\u00e9ciaux Qu\u00e9bec en collaboration avec la Facult\u00e9 dentaire de l\u2019universit\u00e9 Laval, se tenait dans le cadre du programme Communaut\u00e9 en sant\u00e9. Apr\u00e8s le match, pendant que les athl\u00e8tes b\u00e9n\u00e9ficiaient d\u2019un d\u00e9pistage dentaire offert par les \u00e9tudiants de la Facult\u00e9, Tristan Delmas, directeur des communaut\u00e9s en sant\u00e9 d\u2019Olympiques sp\u00e9ciaux Qu\u00e9bec a offert une pr\u00e9sentation de ce mod\u00e8le d\u2019activit\u00e9s au ministre d\u00e9l\u00e9gu\u00e9 Carmant. Ce mod\u00e8le novateur gagnant-gagnant joint service aux athl\u00e8tes pr\u00e9sentant une d\u00e9ficience intellectuelle et formation aux futurs dentistes. Il joue un r\u00f4le d\u2019inclusion sociale important pour la soci\u00e9t\u00e9.<\/p><p>Plusieurs distingu\u00e9s invit\u00e9s \u00e9taient pr\u00e9sents : de l\u2019Universit\u00e9 Laval, Dre Cathia Bergeron, professeure titulaire et doyenne de la Facult\u00e9 de m\u00e9decine dentaire; Andr\u00e9 Darveau, vice-recteur \u00e0 l\u2019administration; Robert Beauregard, vice-recteur ex\u00e9cutif et vice-recteur aux \u00e9tudes et aux affaires \u00e9tudiantes; Aim\u00e9e Dawson, professeure agr\u00e9g\u00e9e en sant\u00e9 dentaire communautaire, Martin Caouette, titulaire de la Chaire Autod\u00e9termination et Handicap de l\u2019Universit\u00e9 du Qu\u00e9bec \u00e0 Trois-Rivi\u00e8res, Dre Denise Lanouette, directrice de la clinique Bouche et dents en sant\u00e9 et Dr Fran\u00e7ois Giroux, directeur de la clinique Pieds en sant\u00e9. La d\u00e9l\u00e9gation Down Up, venue de France dans le cadre d\u2019un s\u00e9jour d\u2019apprentissage financ\u00e9 par l\u2019Office franco-qu\u00e9b\u00e9cois pour la jeunesse \u00e9tait \u00e9galement de la rencontre.<\/p><p>Olympiques sp\u00e9ciaux Qu\u00e9bec tient \u00e0 remercier l\u2019ensemble des participants qui ont contribu\u00e9 au succ\u00e8s de cette activit\u00e9.<\/p>\t\t\t\t\t\t<\/div>\n\t\t\t\t<\/div>\n\t\t\t\t\t<\/div>\n\t\t<\/div>\n\t\t\t\t<div class=\"elementor-column elementor-col-50 elementor-top-column elementor-element elementor-element-deb8839\" data-id=\"deb8839\" data-element_type=\"column\">\n\t\t\t<div class=\"elementor-widget-wrap elementor-element-populated\">\n\t\t\t\t\t\t\t\t<div class=\"elementor-element elementor-element-4159c94 elementor-widget elementor-widget-template\" data-id=\"4159c94\" data-element_type=\"widget\" data-widget_type=\"template.default\">\n\t\t\t\t<div class=\"elementor-widget-container\">\n\t\t\t\t\t<div class=\"elementor-template\">\n\t\t\t\t\t<div data-elementor-type=\"section\" data-elementor-id=\"1958\" class=\"elementor elementor-1958 elementor-1313\">\n\t\t\t\t\t\t\t\t<section class=\"elementor-section elementor-top-section elementor-element elementor-element-477101e elementor-section-full_width elementor-section-content-top elementor-section-height-default elementor-section-height-default\" data-id=\"477101e\" data-element_type=\"section\">\n\t\t\t\t\t\t<div class=\"elementor-container elementor-column-gap-default\">\n\t\t\t\t\t<div class=\"elementor-column elementor-col-100 elementor-top-column elementor-element elementor-element-ba53bb9\" data-id=\"ba53bb9\" data-element_type=\"column\">\n\t\t\t<div class=\"elementor-widget-wrap elementor-element-populated\">\n\t\t\t\t\t\t\t\t<div class=\"elementor-element elementor-element-34d6ff9 elementor-widget elementor-widget-heading\" data-id=\"34d6ff9\" data-element_type=\"widget\" data-widget_type=\"heading.default\">\n\t\t\t\t<div class=\"elementor-widget-container\">\n\t\t\t<style>\/*! elementor - v3.11.5 - 14-03-2023 *\/\n.elementor-heading-title{padding:0;margin:0;line-height:1}.elementor-widget-heading .elementor-heading-title[class*=elementor-size-]>a{color:inherit;font-size:inherit;line-height:inherit}.elementor-widget-heading .elementor-heading-title.elementor-size-small{font-size:15px}.elementor-widget-heading .elementor-heading-title.elementor-size-medium{font-size:19px}.elementor-widget-heading .elementor-heading-title.elementor-size-large{font-size:29px}.elementor-widget-heading .elementor-heading-title.elementor-size-xl{font-size:39px}.elementor-widget-heading .elementor-heading-title.elementor-size-xxl{font-size:59px}<\/style><h2 class=\"elementor-heading-title elementor-size-default\">Recent news\n<\/h2>\t\t<\/div>\n\t\t\t\t<\/div>\n\t\t\t\t<div class=\"elementor-element elementor-element-db274c7 elementor-widget elementor-widget-shortcode\" data-id=\"db274c7\" data-element_type=\"widget\" data-widget_type=\"shortcode.default\">\n\t\t\t\t<div class=\"elementor-widget-container\">\n\t\t\t\n\t\t\t\t\n     \n\t\t\t<div class=\"elementor-element elementor-element-83cedc2 elementor-element-34d6ff9 elementor-widget elementor-widget-heading\" data-id=\"83cedc2\" data-element_type=\"widget\" data-widget_type=\"heading.default\">\n\t\t\t\t<div class=\"elementor-widget-container\">\n\t\t\t\t\t<h2 class=\"elementor-heading-title elementor-size-default\"> Upcoming events <\/h2>\t\t\n\t\t\t\t<\/div>\n\t\t\t<\/div>\n\n       \n\t\t<div class=\"elementor-element elementor-element-5d4bce3  elementor-element-87d8761 elementor-grid-1 elementor-posts--thumbnail-left elementor-posts--align-left elementor-grid-tablet-2 elementor-grid-mobile-1 elementor-widget elementor-widget-posts\" data-id=\"87d8761\" data-element_type=\"widget\" data-settings=\"{&quot;classic_columns&quot;:&quot;1&quot;,&quot;classic_row_gap&quot;:{&quot;unit&quot;:&quot;px&quot;,&quot;size&quot;:45,&quot;sizes&quot;:[]},&quot;classic_columns_tablet&quot;:&quot;2&quot;,&quot;classic_columns_mobile&quot;:&quot;1&quot;,&quot;classic_row_gap_tablet&quot;:{&quot;unit&quot;:&quot;px&quot;,&quot;size&quot;:&quot;&quot;,&quot;sizes&quot;:[]},&quot;classic_row_gap_mobile&quot;:{&quot;unit&quot;:&quot;px&quot;,&quot;size&quot;:&quot;&quot;,&quot;sizes&quot;:[]}}\" data-widget_type=\"posts.classic\">\n\t\t\t\t<div class=\"elementor-widget-container\"> \n\t\t\t \t\t<div class=\"elementor-posts-container elementor-posts elementor-posts--skin-classic elementor-grid elementor-has-item-ratio\">\n \n\t\t\t\t\t\t<article class=\"elementor-post elementor-grid-item post-719 post type-post status-publish format-standard has-post-thumbnail hentry  category-evenements\">\n\t\t\t\t\t\t\t<a class=\"elementor-post__thumbnail__link\"  style=\"max-width:100px;\" href=\"https:\/\/olympiquesspeciauxquebec.dev.gxi.co\/en\/olympic-winter-games\/\" >\n\t\t\t\t\t\t\t\t<div><img decoding=\"async\"  src=\"https:\/\/olympiquesspeciauxquebec.dev.gxi.co\/wp-content\/uploads\/2023\/01\/TimHorton-beigne-fr.jpg\"  ><\/div>\n\t\t\t\t\t\t\t<\/a>\n\t\t\t\t\t\t\t<div class=\"elementor-post__text\">\n\t\t\t\t\t\t\t\t<h3 class=\"elementor-post__title\">\n\t\t\t\t\t\t\t\t\t<a href=\"https:\/\/olympiquesspeciauxquebec.dev.gxi.co\/en\/olympic-winter-games\/\">\n\t\t\t\t\t\t\t\t\t\tOlympic Winter Games\t\t\n\t\t\t\t\t\t\t\t\t<\/a>\n\t\t\t\t\t\t\t\t<\/h3>\n\t\t\t\t\t\t\t\t<div class=\"elementor-post__meta-data\">\n\t\t\t\t\t\t\t\t\t<span class=\"elementor-post-date\"><\/span>\n\t\t\t\t\t\t\t\t<\/div>\n\t\t\t\t\t\t\t\t\n\t\t\t\t\t\t\t<\/div>\n\t\t\t\t\t\t<\/article>\n    \n\t\t\t<\/div>\n\t\t<\/div> \n    <\/div>\n\t\t<div class=\"elementor-shortcode\"><\/div>\n\t\t\t\t<\/div>\n\t\t\t\t<\/div>\n\t\t\t\t\t<\/div>\n\t\t<\/div>\n\t\t\t\t\t\t\t<\/div>\n\t\t<\/section>\n\t\t\t\t\t\t<\/div>\n\t\t\t\t<\/div>\n\t\t\t\t<\/div>\n\t\t\t\t<\/div>\n\t\t\t\t\t<\/div>\n\t\t<\/div>\n\t\t\t\t\t\t\t<\/div>\n\t\t<\/section>\n\t\t\t\t\t\t\t<\/div>\n\t\t","protected":false},"excerpt":{"rendered":"<p>Lionel Carmant, d\u00e9put\u00e9 de Taillon et ministre d\u00e9l\u00e9gu\u00e9 \u00e0 la Sant\u00e9 et aux Services sociaux du gouvernement du Qu\u00e9bec a assist\u00e9 \u00e0 une activit\u00e9 de soccer unifi\u00e9 ce jeudi au Stade TELUS-Universit\u00e9 Laval. C\u2019est 46 \u00e9tudiants de la Facult\u00e9 de m\u00e9decine dentaire de l\u2019Universit\u00e9 Laval et 46 athl\u00e8tes Olympiques sp\u00e9ciaux Qu\u00e9bec, provenant de la maison &hellip;<\/p>\n<p class=\"read-more\"> <a class=\"\" href=\"https:\/\/olympiquesspeciauxquebec.dev.gxi.co\/en\/olympic-winter-games\/\"> <span class=\"screen-reader-text\">Olympic Winter Games<\/span> Read More &raquo;<\/a><\/p>\n","protected":false},"author":1,"featured_media":783,"comment_status":"closed","ping_status":"closed","sticky":false,"template":"elementor_header_footer","format":"standard","meta":{"site-sidebar-layout":"default","site-content-layout":"default","ast-global-header-display":"","ast-main-header-display":"","ast-hfb-above-header-display":"","ast-hfb-below-header-display":"","ast-hfb-mobile-header-display":"","site-post-title":"","ast-breadcrumbs-content":"","ast-featured-img":"","footer-sml-layout":"","theme-transparent-header-meta":"","adv-header-id-meta":"","stick-header-meta":"","header-above-stick-meta":"","header-main-stick-meta":"","header-below-stick-meta":""},"categories":[24],"tags":[25],"acf":[],"yoast_head":"<!-- This site is optimized with the Yoast SEO plugin v20.3 - https:\/\/yoast.com\/wordpress\/plugins\/seo\/ -->\n<title>Lionel Carmant rencontre Olympiques sp\u00e9ciaux Qu\u00e9bec et assiste \u00e0 un match unifi\u00e9 - Olympiques sp\u00e9ciaux Qu\u00e9bec<\/title>\n<meta name=\"robots\" content=\"index, follow, max-snippet:-1, max-image-preview:large, max-video-preview:-1\" \/>\n<link rel=\"canonical\" href=\"https:\/\/olympiquesspeciauxquebec.dev.gxi.co\/en\/lionel-carmant-rencontre-olympiques-speciaux-quebec-et-assiste-a-un-match-unifie\/\" \/>\n<meta property=\"og:locale\" content=\"en_US\" \/>\n<meta property=\"og:type\" content=\"article\" \/>\n<meta property=\"og:title\" content=\"Lionel Carmant rencontre Olympiques sp\u00e9ciaux Qu\u00e9bec et assiste \u00e0 un match unifi\u00e9 - Olympiques sp\u00e9ciaux Qu\u00e9bec\" \/>\n<meta property=\"og:description\" content=\"Lionel Carmant, d\u00e9put\u00e9 de Taillon et ministre d\u00e9l\u00e9gu\u00e9 \u00e0 la Sant\u00e9 et aux Services sociaux du gouvernement du Qu\u00e9bec a assist\u00e9 \u00e0 une activit\u00e9 de soccer unifi\u00e9 ce jeudi au Stade TELUS-Universit\u00e9 Laval. C\u2019est 46 \u00e9tudiants de la Facult\u00e9 de m\u00e9decine dentaire de l\u2019Universit\u00e9 Laval et 46 athl\u00e8tes Olympiques sp\u00e9ciaux Qu\u00e9bec, provenant de la maison &hellip; Olympic Winter Games Read More &raquo;\" \/>\n<meta property=\"og:url\" content=\"https:\/\/olympiquesspeciauxquebec.dev.gxi.co\/en\/lionel-carmant-rencontre-olympiques-speciaux-quebec-et-assiste-a-un-match-unifie\/\" \/>\n<meta property=\"og:site_name\" content=\"Olympiques sp\u00e9ciaux Qu\u00e9bec\" \/>\n<meta property=\"article:published_time\" content=\"2023-01-30T20:58:36+00:00\" \/>\n<meta property=\"article:modified_time\" content=\"2023-03-20T20:11:11+00:00\" \/>\n<meta property=\"og:image\" content=\"https:\/\/olympiquesspeciauxquebec.dev.gxi.co\/wp-content\/uploads\/2022\/05\/IMG_2540.jpg\" \/>\n\t<meta property=\"og:image:width\" content=\"1000\" \/>\n\t<meta property=\"og:image:height\" content=\"665\" \/>\n\t<meta property=\"og:image:type\" content=\"image\/jpeg\" \/>\n<meta name=\"author\" content=\"admin\" \/>\n<meta name=\"twitter:card\" content=\"summary_large_image\" \/>\n<meta name=\"twitter:label1\" content=\"Written by\" \/>\n\t<meta name=\"twitter:data1\" content=\"admin\" \/>\n\t<meta name=\"twitter:label2\" content=\"Est. reading time\" \/>\n\t<meta name=\"twitter:data2\" content=\"2 minutes\" \/>\n<script type=\"application\/ld+json\" class=\"yoast-schema-graph\">{\"@context\":\"https:\/\/schema.org\",\"@graph\":[{\"@type\":\"Article\",\"@id\":\"https:\/\/olympiquesspeciauxquebec.dev.gxi.co\/en\/lionel-carmant-rencontre-olympiques-speciaux-quebec-et-assiste-a-un-match-unifie\/#article\",\"isPartOf\":{\"@id\":\"https:\/\/olympiquesspeciauxquebec.dev.gxi.co\/en\/lionel-carmant-rencontre-olympiques-speciaux-quebec-et-assiste-a-un-match-unifie\/\"},\"author\":{\"name\":\"admin\",\"@id\":\"https:\/\/olympiquesspeciauxquebec.dev.gxi.co\/#\/schema\/person\/b0646f5b62c5f7996a084e97a62e1318\"},\"headline\":\"Lionel Carmant rencontre Olympiques sp\u00e9ciaux Qu\u00e9bec et assiste \u00e0 un match unifi\u00e9\",\"datePublished\":\"2023-01-30T20:58:36+00:00\",\"dateModified\":\"2023-03-20T20:11:11+00:00\",\"mainEntityOfPage\":{\"@id\":\"https:\/\/olympiquesspeciauxquebec.dev.gxi.co\/en\/lionel-carmant-rencontre-olympiques-speciaux-quebec-et-assiste-a-un-match-unifie\/\"},\"wordCount\":370,\"publisher\":{\"@id\":\"https:\/\/olympiquesspeciauxquebec.dev.gxi.co\/#organization\"},\"keywords\":[\"Athlete\"],\"articleSection\":[\"Nouvelles\"],\"inLanguage\":\"en-US\"},{\"@type\":\"WebPage\",\"@id\":\"https:\/\/olympiquesspeciauxquebec.dev.gxi.co\/en\/lionel-carmant-rencontre-olympiques-speciaux-quebec-et-assiste-a-un-match-unifie\/\",\"url\":\"https:\/\/olympiquesspeciauxquebec.dev.gxi.co\/en\/lionel-carmant-rencontre-olympiques-speciaux-quebec-et-assiste-a-un-match-unifie\/\",\"name\":\"Lionel Carmant rencontre Olympiques sp\u00e9ciaux Qu\u00e9bec et assiste \u00e0 un match unifi\u00e9 - Olympiques sp\u00e9ciaux Qu\u00e9bec\",\"isPartOf\":{\"@id\":\"https:\/\/olympiquesspeciauxquebec.dev.gxi.co\/#website\"},\"datePublished\":\"2023-01-30T20:58:36+00:00\",\"dateModified\":\"2023-03-20T20:11:11+00:00\",\"breadcrumb\":{\"@id\":\"https:\/\/olympiquesspeciauxquebec.dev.gxi.co\/en\/lionel-carmant-rencontre-olympiques-speciaux-quebec-et-assiste-a-un-match-unifie\/#breadcrumb\"},\"inLanguage\":\"en-US\",\"potentialAction\":[{\"@type\":\"ReadAction\",\"target\":[\"https:\/\/olympiquesspeciauxquebec.dev.gxi.co\/en\/lionel-carmant-rencontre-olympiques-speciaux-quebec-et-assiste-a-un-match-unifie\/\"]}]},{\"@type\":\"BreadcrumbList\",\"@id\":\"https:\/\/olympiquesspeciauxquebec.dev.gxi.co\/en\/lionel-carmant-rencontre-olympiques-speciaux-quebec-et-assiste-a-un-match-unifie\/#breadcrumb\",\"itemListElement\":[{\"@type\":\"ListItem\",\"position\":1,\"name\":\"Home\",\"item\":\"https:\/\/olympiquesspeciauxquebec.dev.gxi.co\/en\/\"},{\"@type\":\"ListItem\",\"position\":2,\"name\":\"Lionel Carmant rencontre Olympiques sp\u00e9ciaux Qu\u00e9bec et assiste \u00e0 un match unifi\u00e9\"}]},{\"@type\":\"WebSite\",\"@id\":\"https:\/\/olympiquesspeciauxquebec.dev.gxi.co\/#website\",\"url\":\"https:\/\/olympiquesspeciauxquebec.dev.gxi.co\/\",\"name\":\"Olympiques sp\u00e9ciaux Qu\u00e9bec\",\"description\":\"Olympiques sp\u00e9ciaux Qu\u00e9bec\",\"publisher\":{\"@id\":\"https:\/\/olympiquesspeciauxquebec.dev.gxi.co\/#organization\"},\"potentialAction\":[{\"@type\":\"SearchAction\",\"target\":{\"@type\":\"EntryPoint\",\"urlTemplate\":\"https:\/\/olympiquesspeciauxquebec.dev.gxi.co\/?s={search_term_string}\"},\"query-input\":\"required name=search_term_string\"}],\"inLanguage\":\"en-US\"},{\"@type\":\"Organization\",\"@id\":\"https:\/\/olympiquesspeciauxquebec.dev.gxi.co\/#organization\",\"name\":\"Olympiques sp\u00e9ciaux Qu\u00e9bec\",\"url\":\"https:\/\/olympiquesspeciauxquebec.dev.gxi.co\/\",\"logo\":{\"@type\":\"ImageObject\",\"inLanguage\":\"en-US\",\"@id\":\"https:\/\/olympiquesspeciauxquebec.dev.gxi.co\/#\/schema\/logo\/image\/\",\"url\":\"https:\/\/olympiquesspeciauxquebec.dev.gxi.co\/wp-content\/uploads\/2023\/01\/logo.jpg\",\"contentUrl\":\"https:\/\/olympiquesspeciauxquebec.dev.gxi.co\/wp-content\/uploads\/2023\/01\/logo.jpg\",\"width\":234,\"height\":70,\"caption\":\"Olympiques sp\u00e9ciaux Qu\u00e9bec\"},\"image\":{\"@id\":\"https:\/\/olympiquesspeciauxquebec.dev.gxi.co\/#\/schema\/logo\/image\/\"}},{\"@type\":\"Person\",\"@id\":\"https:\/\/olympiquesspeciauxquebec.dev.gxi.co\/#\/schema\/person\/b0646f5b62c5f7996a084e97a62e1318\",\"name\":\"admin\",\"image\":{\"@type\":\"ImageObject\",\"inLanguage\":\"en-US\",\"@id\":\"https:\/\/olympiquesspeciauxquebec.dev.gxi.co\/#\/schema\/person\/image\/\",\"url\":\"https:\/\/secure.gravatar.com\/avatar\/ebea748623e32e60537bd92b1a48adcf?s=96&d=mm&r=g\",\"contentUrl\":\"https:\/\/secure.gravatar.com\/avatar\/ebea748623e32e60537bd92b1a48adcf?s=96&d=mm&r=g\",\"caption\":\"admin\"},\"url\":\"https:\/\/olympiquesspeciauxquebec.dev.gxi.co\/en\/author\/olympique\/\"}]}<\/script>\n<!-- \/ Yoast SEO plugin. -->","yoast_head_json":{"title":"Lionel Carmant rencontre Olympiques sp\u00e9ciaux Qu\u00e9bec et assiste \u00e0 un match unifi\u00e9 - Olympiques sp\u00e9ciaux Qu\u00e9bec","robots":{"index":"index","follow":"follow","max-snippet":"max-snippet:-1","max-image-preview":"max-image-preview:large","max-video-preview":"max-video-preview:-1"},"canonical":"https:\/\/olympiquesspeciauxquebec.dev.gxi.co\/en\/lionel-carmant-rencontre-olympiques-speciaux-quebec-et-assiste-a-un-match-unifie\/","og_locale":"en_US","og_type":"article","og_title":"Lionel Carmant rencontre Olympiques sp\u00e9ciaux Qu\u00e9bec et assiste \u00e0 un match unifi\u00e9 - Olympiques sp\u00e9ciaux Qu\u00e9bec","og_description":"Lionel Carmant, d\u00e9put\u00e9 de Taillon et ministre d\u00e9l\u00e9gu\u00e9 \u00e0 la Sant\u00e9 et aux Services sociaux du gouvernement du Qu\u00e9bec a assist\u00e9 \u00e0 une activit\u00e9 de soccer unifi\u00e9 ce jeudi au Stade TELUS-Universit\u00e9 Laval. C\u2019est 46 \u00e9tudiants de la Facult\u00e9 de m\u00e9decine dentaire de l\u2019Universit\u00e9 Laval et 46 athl\u00e8tes Olympiques sp\u00e9ciaux Qu\u00e9bec, provenant de la maison &hellip; Olympic Winter Games Read More &raquo;","og_url":"https:\/\/olympiquesspeciauxquebec.dev.gxi.co\/en\/lionel-carmant-rencontre-olympiques-speciaux-quebec-et-assiste-a-un-match-unifie\/","og_site_name":"Olympiques sp\u00e9ciaux Qu\u00e9bec","article_published_time":"2023-01-30T20:58:36+00:00","article_modified_time":"2023-03-20T20:11:11+00:00","og_image":[{"width":1000,"height":665,"url":"https:\/\/olympiquesspeciauxquebec.dev.gxi.co\/wp-content\/uploads\/2022\/05\/IMG_2540.jpg","type":"image\/jpeg"}],"author":"admin","twitter_card":"summary_large_image","twitter_misc":{"Written by":"admin","Est. reading time":"2 minutes"},"schema":{"@context":"https:\/\/schema.org","@graph":[{"@type":"Article","@id":"https:\/\/olympiquesspeciauxquebec.dev.gxi.co\/en\/lionel-carmant-rencontre-olympiques-speciaux-quebec-et-assiste-a-un-match-unifie\/#article","isPartOf":{"@id":"https:\/\/olympiquesspeciauxquebec.dev.gxi.co\/en\/lionel-carmant-rencontre-olympiques-speciaux-quebec-et-assiste-a-un-match-unifie\/"},"author":{"name":"admin","@id":"https:\/\/olympiquesspeciauxquebec.dev.gxi.co\/#\/schema\/person\/b0646f5b62c5f7996a084e97a62e1318"},"headline":"Lionel Carmant rencontre Olympiques sp\u00e9ciaux Qu\u00e9bec et assiste \u00e0 un match unifi\u00e9","datePublished":"2023-01-30T20:58:36+00:00","dateModified":"2023-03-20T20:11:11+00:00","mainEntityOfPage":{"@id":"https:\/\/olympiquesspeciauxquebec.dev.gxi.co\/en\/lionel-carmant-rencontre-olympiques-speciaux-quebec-et-assiste-a-un-match-unifie\/"},"wordCount":370,"publisher":{"@id":"https:\/\/olympiquesspeciauxquebec.dev.gxi.co\/#organization"},"keywords":["Athlete"],"articleSection":["Nouvelles"],"inLanguage":"en-US"},{"@type":"WebPage","@id":"https:\/\/olympiquesspeciauxquebec.dev.gxi.co\/en\/lionel-carmant-rencontre-olympiques-speciaux-quebec-et-assiste-a-un-match-unifie\/","url":"https:\/\/olympiquesspeciauxquebec.dev.gxi.co\/en\/lionel-carmant-rencontre-olympiques-speciaux-quebec-et-assiste-a-un-match-unifie\/","name":"Lionel Carmant rencontre Olympiques sp\u00e9ciaux Qu\u00e9bec et assiste \u00e0 un match unifi\u00e9 - Olympiques sp\u00e9ciaux Qu\u00e9bec","isPartOf":{"@id":"https:\/\/olympiquesspeciauxquebec.dev.gxi.co\/#website"},"datePublished":"2023-01-30T20:58:36+00:00","dateModified":"2023-03-20T20:11:11+00:00","breadcrumb":{"@id":"https:\/\/olympiquesspeciauxquebec.dev.gxi.co\/en\/lionel-carmant-rencontre-olympiques-speciaux-quebec-et-assiste-a-un-match-unifie\/#breadcrumb"},"inLanguage":"en-US","potentialAction":[{"@type":"ReadAction","target":["https:\/\/olympiquesspeciauxquebec.dev.gxi.co\/en\/lionel-carmant-rencontre-olympiques-speciaux-quebec-et-assiste-a-un-match-unifie\/"]}]},{"@type":"BreadcrumbList","@id":"https:\/\/olympiquesspeciauxquebec.dev.gxi.co\/en\/lionel-carmant-rencontre-olympiques-speciaux-quebec-et-assiste-a-un-match-unifie\/#breadcrumb","itemListElement":[{"@type":"ListItem","position":1,"name":"Home","item":"https:\/\/olympiquesspeciauxquebec.dev.gxi.co\/en\/"},{"@type":"ListItem","position":2,"name":"Lionel Carmant rencontre Olympiques sp\u00e9ciaux Qu\u00e9bec et assiste \u00e0 un match unifi\u00e9"}]},{"@type":"WebSite","@id":"https:\/\/olympiquesspeciauxquebec.dev.gxi.co\/#website","url":"https:\/\/olympiquesspeciauxquebec.dev.gxi.co\/","name":"Olympiques sp\u00e9ciaux Qu\u00e9bec","description":"Olympiques sp\u00e9ciaux Qu\u00e9bec","publisher":{"@id":"https:\/\/olympiquesspeciauxquebec.dev.gxi.co\/#organization"},"potentialAction":[{"@type":"SearchAction","target":{"@type":"EntryPoint","urlTemplate":"https:\/\/olympiquesspeciauxquebec.dev.gxi.co\/?s={search_term_string}"},"query-input":"required name=search_term_string"}],"inLanguage":"en-US"},{"@type":"Organization","@id":"https:\/\/olympiquesspeciauxquebec.dev.gxi.co\/#organization","name":"Olympiques sp\u00e9ciaux Qu\u00e9bec","url":"https:\/\/olympiquesspeciauxquebec.dev.gxi.co\/","logo":{"@type":"ImageObject","inLanguage":"en-US","@id":"https:\/\/olympiquesspeciauxquebec.dev.gxi.co\/#\/schema\/logo\/image\/","url":"https:\/\/olympiquesspeciauxquebec.dev.gxi.co\/wp-content\/uploads\/2023\/01\/logo.jpg","contentUrl":"https:\/\/olympiquesspeciauxquebec.dev.gxi.co\/wp-content\/uploads\/2023\/01\/logo.jpg","width":234,"height":70,"caption":"Olympiques sp\u00e9ciaux Qu\u00e9bec"},"image":{"@id":"https:\/\/olympiquesspeciauxquebec.dev.gxi.co\/#\/schema\/logo\/image\/"}},{"@type":"Person","@id":"https:\/\/olympiquesspeciauxquebec.dev.gxi.co\/#\/schema\/person\/b0646f5b62c5f7996a084e97a62e1318","name":"admin","image":{"@type":"ImageObject","inLanguage":"en-US","@id":"https:\/\/olympiquesspeciauxquebec.dev.gxi.co\/#\/schema\/person\/image\/","url":"https:\/\/secure.gravatar.com\/avatar\/ebea748623e32e60537bd92b1a48adcf?s=96&d=mm&r=g","contentUrl":"https:\/\/secure.gravatar.com\/avatar\/ebea748623e32e60537bd92b1a48adcf?s=96&d=mm&r=g","caption":"admin"},"url":"https:\/\/olympiquesspeciauxquebec.dev.gxi.co\/en\/author\/olympique\/"}]}},"_links":{"self":[{"href":"https:\/\/olympiquesspeciauxquebec.dev.gxi.co\/en\/wp-json\/wp\/v2\/posts\/1950"}],"collection":[{"href":"https:\/\/olympiquesspeciauxquebec.dev.gxi.co\/en\/wp-json\/wp\/v2\/posts"}],"about":[{"href":"https:\/\/olympiquesspeciauxquebec.dev.gxi.co\/en\/wp-json\/wp\/v2\/types\/post"}],"author":[{"embeddable":true,"href":"https:\/\/olympiquesspeciauxquebec.dev.gxi.co\/en\/wp-json\/wp\/v2\/users\/1"}],"replies":[{"embeddable":true,"href":"https:\/\/olympiquesspeciauxquebec.dev.gxi.co\/en\/wp-json\/wp\/v2\/comments?post=1950"}],"version-history":[{"count":3,"href":"https:\/\/olympiquesspeciauxquebec.dev.gxi.co\/en\/wp-json\/wp\/v2\/posts\/1950\/revisions"}],"predecessor-version":[{"id":1953,"href":"https:\/\/olympiquesspeciauxquebec.dev.gxi.co\/en\/wp-json\/wp\/v2\/posts\/1950\/revisions\/1953"}],"wp:featuredmedia":[{"embeddable":true,"href":"https:\/\/olympiquesspeciauxquebec.dev.gxi.co\/en\/wp-json\/wp\/v2\/media\/783"}],"wp:attachment":[{"href":"https:\/\/olympiquesspeciauxquebec.dev.gxi.co\/en\/wp-json\/wp\/v2\/media?parent=1950"}],"wp:term":[{"taxonomy":"category","embeddable":true,"href":"https:\/\/olympiquesspeciauxquebec.dev.gxi.co\/en\/wp-json\/wp\/v2\/categories?post=1950"},{"taxonomy":"post_tag","embeddable":true,"href":"https:\/\/olympiquesspeciauxquebec.dev.gxi.co\/en\/wp-json\/wp\/v2\/tags?post=1950"}],"curies":[{"name":"wp","href":"https:\/\/api.w.org\/{rel}","templated":true}]}}